{"id":681,"date":"2024-12-01T20:34:16","date_gmt":"2024-12-01T19:34:16","guid":{"rendered":"https:\/\/romand.org\/?p=675"},"modified":"2024-12-01T21:23:27","modified_gmt":"2024-12-01T20:23:27","slug":"les-rencontres-du-cinema-documentaire-organisees-par-peripherie-au-melies-a-montreuil","status":"publish","type":"post","link":"https:\/\/francoiseromand.com\/index.php\/2024\/12\/01\/les-rencontres-du-cinema-documentaire-organisees-par-peripherie-au-melies-a-montreuil\/","title":{"rendered":"Un automne au M\u00e9li\u00e8s : storytelling et projection culte"},"content":{"rendered":"\n<blockquote class=\"wp-block-quote is-layout-flow wp-block-quote-is-layout-flow\"><\/blockquote>\n\n\n\n<figure class=\"wp-block-image size-full\"><img loading=\"lazy\" decoding=\"async\" width=\"1280\" height=\"720\" src=\"https:\/\/francoiseromand.com\/wp-content\/uploads\/2024\/12\/1748142676-5493e4aa9133dabb07fa958185bbe9a7c87bacf2ab0537753a320d5a34081e23-d_1280.avif\" alt=\"\" class=\"wp-image-718\"\/><\/figure>\n\n\n\n<p>Le cin\u00e9ma Le M\u00e9li\u00e8s \u00e0 Montreuil a r\u00e9cemment accueilli une table ronde passionnante sur le th\u00e8me du storytelling documentaire, r\u00e9unissant Fran\u00e7oise, Micha\u00ebl Zumstein et Tania Rakhmanova. Cet \u00e9change a explor\u00e9 la mani\u00e8re dont la narration peut r\u00e9concilier fiction et r\u00e9alit\u00e9, offrant des perspectives riches sur l&rsquo;impact des r\u00e9cits cin\u00e9matographiques. Fran\u00e7oise, avec son approche unique, a partag\u00e9 son exp\u00e9rience en tant que pionni\u00e8re du genre, notamment \u00e0 travers des \u0153uvres comme\u00a0<em>Appelez-moi Madame<\/em>, qui transcendent les formats traditionnels du documentaire.<\/p>\n\n\n\n<p>Ce dernier sera justement projet\u00e9 au M\u00e9li\u00e8s le 5 d\u00e9cembre \u00e0 18h30. R\u00e9compens\u00e9 par le Golden Gate Award au Festival de San Francisco, ce film culte raconte avec finesse le parcours d\u2019un homme en transition de genre, soutenu par ses proches. Avec sa signature tragi-comique, Fran\u00e7oise invite \u00e0 une r\u00e9flexion poignante sur l\u2019identit\u00e9 et les liens familiaux. Une soir\u00e9e \u00e0 ne pas manquer pour les amateurs de cin\u00e9ma audacieux et visionnaire.<\/p>\n\n\n\n<p><a href=\"https:\/\/vimeo.com\/880887454\" target=\"_blank\" rel=\"noreferrer noopener\">Voir la vid\u00e9o de la bande annonce.<\/a><\/p>\n\n\n\n<hr class=\"wp-block-separator has-alpha-channel-opacity is-style-wide\"\/>\n\n\n\n<p>Sources :<\/p>\n\n\n\n<ul class=\"wp-block-list\">\n<li><a href=\"https:\/\/www.peripherie.asso.fr\" target=\"_blank\" rel=\"noreferrer noopener\">P\u00e9riph\u00e9rie<\/a><\/li>\n\n\n\n<li><a href=\"https:\/\/www.peripherie.asso.fr\/notre-catalogue\/appelez-moi-madame\/\" target=\"_blank\" rel=\"noreferrer noopener\">P\u00e9riph\u00e9rie : Appelez-moi Madame<\/a><\/li>\n\n\n\n<li><a href=\"https:\/\/www.montreuil.fr\/fileadmin\/user_upload\/06_Culture\/03_Cinema_Le_Melies\/2023\/melies-horaires-178.pdf\" target=\"_blank\" rel=\"noreferrer noopener\">Programme du M\u00e9li\u00e8s \u00e0 Montreuil<\/a><\/li>\n<\/ul>\n","protected":false},"excerpt":{"rendered":"<p>Le cin\u00e9ma Le M\u00e9li\u00e8s \u00e0 Montreuil a r\u00e9cemment accueilli une table ronde passionnante sur le th\u00e8me du storytelling documentaire, r\u00e9unissant Fran\u00e7oise, Micha\u00ebl Zumstein et Tania Rakhmanova. Cet \u00e9change a explor\u00e9 la mani\u00e8re dont la narration peut r\u00e9concilier fiction et r\u00e9alit\u00e9, offrant des perspectives riches sur l&rsquo;impact des r\u00e9cits cin\u00e9matographiques. Fran\u00e7oise, avec son approche unique, a &hellip; <a href=\"https:\/\/francoiseromand.com\/index.php\/2024\/12\/01\/les-rencontres-du-cinema-documentaire-organisees-par-peripherie-au-melies-a-montreuil\/\" class=\"more-link\">Continuer la lecture<span class=\"screen-reader-text\"> de &laquo;&nbsp;Un automne au M\u00e9li\u00e8s : storytelling et projection culte&nbsp;&raquo;<\/span><\/a><\/p>\n","protected":false},"author":4,"featured_media":0,"comment_status":"closed","ping_status":"open","sticky":false,"template":"","format":"standard","meta":{"footnotes":""},"categories":[2],"tags":[8,26],"class_list":["post-681","post","type-post","status-publish","format-standard","hentry","category-actualites","tag-appelez-moi-madame","tag-festival"],"_links":{"self":[{"href":"https:\/\/francoiseromand.com\/index.php\/wp-json\/wp\/v2\/posts\/681","targetHints":{"allow":["GET"]}}],"collection":[{"href":"https:\/\/francoiseromand.com\/index.php\/wp-json\/wp\/v2\/posts"}],"about":[{"href":"https:\/\/francoiseromand.com\/index.php\/wp-json\/wp\/v2\/types\/post"}],"author":[{"embeddable":true,"href":"https:\/\/francoiseromand.com\/index.php\/wp-json\/wp\/v2\/users\/4"}],"replies":[{"embeddable":true,"href":"https:\/\/francoiseromand.com\/index.php\/wp-json\/wp\/v2\/comments?post=681"}],"version-history":[{"count":3,"href":"https:\/\/francoiseromand.com\/index.php\/wp-json\/wp\/v2\/posts\/681\/revisions"}],"predecessor-version":[{"id":720,"href":"https:\/\/francoiseromand.com\/index.php\/wp-json\/wp\/v2\/posts\/681\/revisions\/720"}],"wp:attachment":[{"href":"https:\/\/francoiseromand.com\/index.php\/wp-json\/wp\/v2\/media?parent=681"}],"wp:term":[{"taxonomy":"category","embeddable":true,"href":"https:\/\/francoiseromand.com\/index.php\/wp-json\/wp\/v2\/categories?post=681"},{"taxonomy":"post_tag","embeddable":true,"href":"https:\/\/francoiseromand.com\/index.php\/wp-json\/wp\/v2\/tags?post=681"}],"curies":[{"name":"wp","href":"https:\/\/api.w.org\/{rel}","templated":true}]}}