{"id":632,"date":"2023-01-29T17:45:45","date_gmt":"2023-01-29T16:45:45","guid":{"rendered":"https:\/\/romand.org\/?p=632"},"modified":"2023-01-29T17:45:45","modified_gmt":"2023-01-29T16:45:45","slug":"communique-de-presse-23eme-journees-cinematographiques-de-saint-denis","status":"publish","type":"post","link":"https:\/\/francoiseromand.com\/index.php\/2023\/01\/29\/communique-de-presse-23eme-journees-cinematographiques-de-saint-denis\/","title":{"rendered":"Communiqu\u00e9 de presse : 23\u00e8me journ\u00e9es Cin\u00e9matographiques de Saint-Denis."},"content":{"rendered":"\n<p><strong>Au cin\u00e9ma l&rsquo;\u00c9cran<\/strong> du 2 au 11 f\u00e9vrier 2023  <\/p>\n\n\n\n<figure class=\"wp-block-image size-large\"><img loading=\"lazy\" decoding=\"async\" width=\"1024\" height=\"576\" src=\"https:\/\/francoiseromand.com\/wp-content\/uploads\/2023\/01\/JC2023-paysage-pour-ecran-du-hall-1920x1080-1-1024x576.jpg\" alt=\"\" class=\"wp-image-634\" srcset=\"https:\/\/francoiseromand.com\/wp-content\/uploads\/2023\/01\/JC2023-paysage-pour-ecran-du-hall-1920x1080-1-1024x576.jpg 1024w, https:\/\/francoiseromand.com\/wp-content\/uploads\/2023\/01\/JC2023-paysage-pour-ecran-du-hall-1920x1080-1-300x169.jpg 300w, https:\/\/francoiseromand.com\/wp-content\/uploads\/2023\/01\/JC2023-paysage-pour-ecran-du-hall-1920x1080-1-768x432.jpg 768w, https:\/\/francoiseromand.com\/wp-content\/uploads\/2023\/01\/JC2023-paysage-pour-ecran-du-hall-1920x1080-1-1536x864.jpg 1536w, https:\/\/francoiseromand.com\/wp-content\/uploads\/2023\/01\/JC2023-paysage-pour-ecran-du-hall-1920x1080-1.jpg 1920w\" sizes=\"auto, (max-width: 709px) 85vw, (max-width: 909px) 67vw, (max-width: 1362px) 62vw, 840px\" \/><\/figure>\n\n\n\n<p>Cette \u00e9dition des Journ\u00e9es cin\u00e9matographiques s\u2019attachera \u00e0 offrir une balade dans des territoires rares, \u00e0 la rencontre de cin\u00e9matographies qui font la part belle aux regards ind\u00e9pendants et \u00ab satellites \u00bb du cin\u00e9ma dominant. \u00c0 travers plus de 50 s\u00e9ances et de nombreuses rencontres en pr\u00e9sence de cin\u00e9astes, la programmation proposera d\u2019ouvrir en grand nos regards et de bousculer nos habitudes de spectateurs.<\/p>\n\n\n\n<p><strong>Aux c\u00f4t\u00e9s de KEN LOACH,&nbsp;<\/strong>invit\u00e9 d\u2019honneur, et de nombreux cin\u00e9astes comme Annabelle Aventurin, Alain Cavalier, Marcelo Gomes, Elina L\u00f6wensohn, Laura Poitras, Marcello Quintanilha, Kirill Serebrennikov, Alexandra Stewart, Marie- Claude Treilhou, Patrick Wang, Saul Williams et Fronza Woods ;&nbsp;<strong>Fran\u00e7oise Romand&nbsp;<\/strong>pr\u00e9sentera le&nbsp;<strong>samedi 4 f\u00e9vrier \u00e0 18h&nbsp;<\/strong>\u00e0&nbsp;<strong>l\u2019\u00c9cran St Denis&nbsp;<\/strong>son film phare&nbsp;<strong><em>Appelez-moi Madame&nbsp;<\/em><\/strong>pr\u00e9c\u00e9d\u00e9 de son tout dernier court-m\u00e9trage :&nbsp;<strong><em>Ma vie de merde<\/em><\/strong>.<\/p>\n\n\n\n<p><a href=\"https:\/\/23.journees-cinematographiques.fr\/\" data-type=\"URL\" data-id=\"https:\/\/23.journees-cinematographiques.fr\/\" target=\"_blank\" rel=\"noreferrer noopener\">Lien vers la\u00a0<strong>programmation des 23\u00e8mes journ\u00e9es cin\u00e9matographiques\u00a0<\/strong>:\u00a0<strong>REGARDS SATELLITES<\/strong><\/a><strong> <\/strong><\/p>\n","protected":false},"excerpt":{"rendered":"<p>Au cin\u00e9ma l&rsquo;\u00c9cran du 2 au 11 f\u00e9vrier 2023 Cette \u00e9dition des Journ\u00e9es cin\u00e9matographiques s\u2019attachera \u00e0 offrir une balade dans des territoires rares, \u00e0 la rencontre de cin\u00e9matographies qui font la part belle aux regards ind\u00e9pendants et \u00ab satellites \u00bb du cin\u00e9ma dominant. \u00c0 travers plus de 50 s\u00e9ances et de nombreuses rencontres en pr\u00e9sence &hellip; <a href=\"https:\/\/francoiseromand.com\/index.php\/2023\/01\/29\/communique-de-presse-23eme-journees-cinematographiques-de-saint-denis\/\" class=\"more-link\">Continuer la lecture<span class=\"screen-reader-text\"> de &laquo;&nbsp;Communiqu\u00e9 de presse : 23\u00e8me journ\u00e9es Cin\u00e9matographiques de Saint-Denis.&nbsp;&raquo;<\/span><\/a><\/p>\n","protected":false},"author":3,"featured_media":0,"comment_status":"open","ping_status":"open","sticky":false,"template":"","format":"standard","meta":{"footnotes":""},"categories":[7,5],"tags":[],"class_list":["post-632","post","type-post","status-publish","format-standard","hentry","category-cp","category-presse"],"_links":{"self":[{"href":"https:\/\/francoiseromand.com\/index.php\/wp-json\/wp\/v2\/posts\/632","targetHints":{"allow":["GET"]}}],"collection":[{"href":"https:\/\/francoiseromand.com\/index.php\/wp-json\/wp\/v2\/posts"}],"about":[{"href":"https:\/\/francoiseromand.com\/index.php\/wp-json\/wp\/v2\/types\/post"}],"author":[{"embeddable":true,"href":"https:\/\/francoiseromand.com\/index.php\/wp-json\/wp\/v2\/users\/3"}],"replies":[{"embeddable":true,"href":"https:\/\/francoiseromand.com\/index.php\/wp-json\/wp\/v2\/comments?post=632"}],"version-history":[{"count":0,"href":"https:\/\/francoiseromand.com\/index.php\/wp-json\/wp\/v2\/posts\/632\/revisions"}],"wp:attachment":[{"href":"https:\/\/francoiseromand.com\/index.php\/wp-json\/wp\/v2\/media?parent=632"}],"wp:term":[{"taxonomy":"category","embeddable":true,"href":"https:\/\/francoiseromand.com\/index.php\/wp-json\/wp\/v2\/categories?post=632"},{"taxonomy":"post_tag","embeddable":true,"href":"https:\/\/francoiseromand.com\/index.php\/wp-json\/wp\/v2\/tags?post=632"}],"curies":[{"name":"wp","href":"https:\/\/api.w.org\/{rel}","templated":true}]}}