{"id":590,"date":"2022-10-28T15:26:27","date_gmt":"2022-10-28T13:26:27","guid":{"rendered":"https:\/\/romand.org\/?p=590"},"modified":"2022-10-28T15:26:27","modified_gmt":"2022-10-28T13:26:27","slug":"communique-de-presse-ground-up-2022","status":"publish","type":"post","link":"https:\/\/francoiseromand.com\/index.php\/2022\/10\/28\/communique-de-presse-ground-up-2022\/","title":{"rendered":"Communiqu\u00e9 de presse (G)round Up ! 2022"},"content":{"rendered":"\n<h2 class=\"wp-block-heading\"><strong>The Institute of Contemporary Arts de Londres&nbsp;<\/strong>et le collectif&nbsp;<strong>La Clef Revival<\/strong>&nbsp;accueillent la cin\u00e9aste&nbsp;<strong>Fran\u00e7oise Romand<\/strong>&nbsp;pour la projection d\u2019<strong><em>Appelez-moi Madame<\/em><\/strong>&nbsp;lors de l\u2019\u00e9v\u00e8nement&nbsp;<strong>(G)Round Up !<\/strong><\/h2>\n\n\n\n<figure class=\"wp-block-embed is-type-video is-provider-youtube wp-block-embed-youtube wp-embed-aspect-16-9 wp-has-aspect-ratio\"><div class=\"wp-block-embed__wrapper\">\n<iframe loading=\"lazy\" title=\"(G)Round up! La Clef Revival in Four Acts - Trailer\" width=\"840\" height=\"473\" src=\"https:\/\/www.youtube.com\/embed\/uZPLzwngGt4?feature=oembed\" frameborder=\"0\" allow=\"accelerometer; autoplay; clipboard-write; encrypted-media; gyroscope; picture-in-picture; web-share\" allowfullscreen><\/iframe>\n<\/div><\/figure>\n\n\n\n<p><strong>(G)Round Up<\/strong>&nbsp;! Une exp\u00e9rience unique&nbsp;du 28 au 30 octobre 2022 \u00e0&nbsp;<strong>Londres<\/strong><\/p>\n\n\n\n<p>Projections de films, symposiums, cin\u00e9-repas et autres moments de partage seront propos\u00e9s par le prestigieux&nbsp;<strong>ICA de Londres<\/strong>&nbsp;pour soutenir le cin\u00e9ma militant.&nbsp;<\/p>\n\n\n\n<p>Il s\u2019agit d\u2019<strong>un programme en quatre actes<\/strong>, destin\u00e9 \u00e0 mettre en avant l&rsquo;importance des moyens alternatifs et collectifs d&rsquo;exposer des films et ainsi soutenir Le collectif la&nbsp;<strong>Clef Revival<\/strong>&nbsp;dans son projet de rachat du cin\u00e9ma&nbsp;<strong>La Clef<\/strong>, un cin\u00e9ma \u00e0 but non lucratif, dans le quartier latin de Paris qui s&rsquo;\u00e9tait ferm\u00e9 de mani\u00e8re controvers\u00e9e en 2018. La Cl\u00e9 Revival avait investi ill\u00e9galement le lieu pendant deux ans pour lui rendre son objectif initial avant d\u2019en \u00eatre d\u00e9log\u00e9 en mars 2022. Les membres du collectif appellent \u00e0 l\u2019aide pour pouvoir racheter le cin\u00e9ma. Ils ont d\u00e9j\u00e0 collect\u00e9 plus de 160 000\u20ac.<\/p>\n\n\n\n<h2 class=\"wp-block-heading\"><strong>Appelez-moi Madame<\/strong>&nbsp;sera projet\u00e9 lors du&nbsp;<strong>4<sup>\u00e8me<\/sup>&nbsp;acte<\/strong>&nbsp;de cet \u00e9v\u00e8nement&nbsp;<strong>(G)Round Up&nbsp;!<\/strong>&nbsp;le dimanche 30 octobre lors de la cl\u00f4ture.<\/h2>\n\n\n\n<p>Le film de&nbsp;<strong>Fran\u00e7oise Romand<\/strong>&nbsp;\u00e9tait le premier qui abordait une histoire transsexuelle en France dans les ann\u00e9es 80. Sa projection dans ce lieu mythique qu\u2019est l\u2019ICA of London symbolise le soutien spectaculaire re\u00e7u par le collectif La Clef Revival de la part de communaut\u00e9 cin\u00e9matographique.<\/p>\n\n\n\n<p><strong>Appelez-moi Madame<\/strong>, un&nbsp;des premiers documentaires-fictions de Fran\u00e7oise Romand,&nbsp;produit pour TF1, alors t\u00e9l\u00e9vision publique, a fait l\u2019effet d\u2019une bombe en 1986. Il a re\u00e7u le&nbsp;<strong>prix Golden Gate du Festival de San Francisco.<\/strong><\/p>\n\n\n\n<p>Voici son pitch, on comprendra facilement pourquoi il a toute sa place dans la programmation de&nbsp;<strong>(G)round Up&nbsp;!<\/strong>&nbsp;mais vous pouvez d\u00e9cider de passer ce paragraphe si vous pr\u00e9f\u00e9rez b\u00e9n\u00e9ficier de l\u2019avalanche de \u00ab&nbsp;moments&nbsp;\u00bb inattendus propos\u00e9s par un montage subtil et les personnalit\u00e9s complexes des acteurs. Dans un petit village&nbsp;normand, vivaient&nbsp;un couple&nbsp;de communistes&nbsp;avec leur fils adolescent.&nbsp;Le mari,&nbsp;d\u00e9fraie la chronique quand, \u00e0 55 ans, rev\u00eatu d\u2019une robe,&nbsp;il&nbsp;fait le tour des petits commerces en disant que maintenant il s\u2019appellera Madame. Sa femme, directrice de l\u2019\u00e9cole maternelle, l\u2019a soutenu dans sa transformation aux yeux de tous.&nbsp;Le tournage a \u00e9t\u00e9 \u00e0 la fois d\u00e9licat et constructif, la cin\u00e9aste se souvient&nbsp;: \u00ab&nbsp;Po\u00e9tesse,&nbsp;Ovida Delect,&nbsp;devenue&nbsp;transsexuelle,&nbsp;\u00e9tait tr\u00e8s inqui\u00e8te de son image.&nbsp;Toutes les nuits, elle \u00e9crivait des textes que je devais \u00e9couter religieusement&nbsp;d\u00e8s mon arriv\u00e9e.&nbsp;Alors,&nbsp;je lui ai demand\u00e9 de pr\u00e9senter le film dont elle r\u00eavait \u00e0 la cam\u00e9ra.&nbsp;Se baser sur ses r\u00eaves et ses fantasmes&nbsp;m\u2019a inspir\u00e9 d\u2019autres s\u00e9quences\u2026&nbsp;\u00bb<\/p>\n\n\n\n<h2 class=\"wp-block-heading\"><strong>\u00c0 propos de Fran\u00e7oise Romand, le cin\u00e9ma dans les g\u00e8nes\u2026<\/strong><\/h2>\n\n\n\n<p>Ciotadenne dont la famille a marqu\u00e9 l\u2019histoire de La Ciotat avec un grand-p\u00e8re maire et un arri\u00e8re-grand-p\u00e8re ayant tourn\u00e9 dans les premiers films des fr\u00e8res Lumi\u00e8re dont \u00ab\u00a0L&rsquo;arroseur arros\u00e9\u00a0\u00bb. Son autre arri\u00e8re-grand-p\u00e8re \u00e9tait lui chef de gare lors du tournage du c\u00e9l\u00e8bre \u00ab&nbsp;Arriv\u00e9e d\u2019un train en gare de La Ciotat&nbsp;\u00bb de 1895. \u00c0 croire que le cin\u00e9ma fait partie de l\u2019ADN de Fran\u00e7oise Romand.<\/p>\n\n\n\n<p>Fran\u00e7oise Romand est dipl\u00f4m\u00e9e d\u2019une grande \u00e9cole de cin\u00e9ma, l\u2018<strong>IDHEC<\/strong>&nbsp;(Institut des Hautes \u00c9tudes Cin\u00e9matographique) devenue la&nbsp;<strong>FEMIS<\/strong>, (l\u2019\u00e9cole nationale sup\u00e9rieure des m\u00e9tiers de l&rsquo;image et du son) en 1988 et a enseign\u00e9 son art, le cin\u00e9ma, \u00e0&nbsp;<strong>Harvard<\/strong>.<\/p>\n\n\n\n<p>Son film de promotion de l\u2019IDHEC \u00ab&nbsp;Rencontres\u2026&nbsp;\u00bb&nbsp;dont elle dit \u00ab&nbsp;que cet essai oubli\u00e9 portait en germes tout ce que j\u2019ai explor\u00e9 par la suite, documentaire fiction o\u00f9 le r\u00e9el interroge la fiction, autofiction, happening.&nbsp;\u00bb<\/p>\n\n\n\n<p>Elle commence sa carri\u00e8re professionnelle de r\u00e9alisatrice avec \u00ab&nbsp;Mix-Up ou M\u00e9li-m\u00e9lo&nbsp;\u00bb o\u00f9 elle \u00e9labore une strat\u00e9gie de mise en sc\u00e8ne dans les documentaires, in\u00e9dit et transgressif \u00e0 l\u2019\u00e9poque.&nbsp;<\/p>\n\n\n\n<p>Tourn\u00e9 en 1985, \u00ab&nbsp;Mix-Up&nbsp;ou&nbsp;M\u00e9li-m\u00e9lo&nbsp;\u00bb obtient une reconnaissance critique aux \u00c9tats-Unis. Apr\u00e8s sa d\u00e9couverte par Vincent Canby du&nbsp;<strong>New York Times<\/strong>, le critique du&nbsp;<strong>Chicago Reader<\/strong>, Jonathan Rosenbaum, le s\u00e9lectionne premier des dix meilleurs films de 1988 et dans les 15 meilleurs des ann\u00e9es 1980 aux c\u00f4t\u00e9s de Ridley Scott, Martin Scorsese, John Cassavetes, Chris Marker, Alain Resnais, Jean-Luc Godard.<\/p>\n\n\n\n<p>\u00ab&nbsp;Appelez-moi Madame&nbsp;\u00bb (Call Me Madame) remportera le m\u00eame succ\u00e8s et le prix&nbsp;<strong>Golden Gate du Festival de San Francisco.<\/strong>&nbsp;C\u2019est un v\u00e9ritable choc \u00e0 sa sortie \u00e0 la t\u00e9l\u00e9vision en 1986.<\/p>\n\n\n\n<p><a href=\"http:\/\/www.romand.org\/\">Sa premi\u00e8re fiction, \u00ab\u00a0Pass\u00e9 Compos\u00e9,\u00a0\u00bb est pr\u00e9sent\u00e9<\/a><a href=\"http:\/\/www.romand.org\/\">e<\/a><a href=\"http:\/\/www.romand.org\/\"><strong>&nbsp;\u00e0 la Semaine de la Critique \u00e0 la Mostra de Venise<\/strong>.<\/a><\/p>\n\n\n\n<p>Au tournant du si\u00e8cle, elle enseigne le cin\u00e9ma \u00e0 l\u2019Universit\u00e9 de&nbsp;<strong>Harvard<\/strong><a href=\"http:\/\/www.romand.org\/\">&nbsp;<\/a><a href=\"http:\/\/www.romand.org\/\">o\u00f9&nbsp;<\/a><a href=\"http:\/\/www.romand.org\/\">en liaison avec son travail cin\u00e9matographique, elle&nbsp;<\/a>explore les ramifications sur<strong>&nbsp;Internet<\/strong>, invente le premier&nbsp;<strong>webdoc<\/strong>&nbsp;\u00ab\u00a0IKitchenEye\u00a0\u00bb et organise des happenings sur la sc\u00e8ne underground parisienne avec ses \u00ab\u00a0<a href=\"http:\/\/www.romand.org\/\">Cin\u00e9-Romand<\/a>\u00a0\u00bb dont elle \u00e9dite un DVD en 2009.&nbsp;<\/p>\n\n\n\n<p>Un nouveau&nbsp;<strong>Cin\u00e9-Romand<\/strong>&nbsp;sera r\u00e9it\u00e9r\u00e9&nbsp;<strong>\u00e0 Marseille le samedi 3 d\u00e9cembre 2022<\/strong>&nbsp;\u00e0 la suite du Festival Films Femmes M\u00e9diterran\u00e9e o\u00f9 certains de ses films seront projet\u00e9s.<\/p>\n\n\n\n<p>Son autofiction, \u00ab\u00a0Th\u00e8me Je \u00ab\u00a0, \u00e9voluera pendant 10 ans en diff\u00e9rentes versions jusqu\u2019\u00e0 la finale grav\u00e9e sur DVD.&nbsp;<\/p>\n\n\n\n<p>En 2020, le&nbsp;<strong>Prix de la SCAM<\/strong>, (Soci\u00e9t\u00e9 Civile des Auteurs Multim\u00e9dias), le prix Charles Brabant lui est d\u00e9cern\u00e9 pour l\u2019ensemble de son \u0153uvre.&nbsp;<\/p>\n\n\n\n<p>En 2021, Jonathan Rosenbaum a class\u00e9 \u00ab\u00a0Mix Up\u00a0\u00bb parmi les&nbsp;10 meilleurs films de femmes de tous les temps.<\/p>\n\n\n\n<figure class=\"wp-block-image size-large\"><img loading=\"lazy\" decoding=\"async\" width=\"1024\" height=\"492\" src=\"https:\/\/francoiseromand.com\/wp-content\/uploads\/2022\/10\/films-Francoise-Romand-1024x492.png\" alt=\"\" class=\"wp-image-594\" srcset=\"https:\/\/francoiseromand.com\/wp-content\/uploads\/2022\/10\/films-Francoise-Romand-1024x492.png 1024w, https:\/\/francoiseromand.com\/wp-content\/uploads\/2022\/10\/films-Francoise-Romand-300x144.png 300w, https:\/\/francoiseromand.com\/wp-content\/uploads\/2022\/10\/films-Francoise-Romand-768x369.png 768w, https:\/\/francoiseromand.com\/wp-content\/uploads\/2022\/10\/films-Francoise-Romand-1536x737.png 1536w, https:\/\/francoiseromand.com\/wp-content\/uploads\/2022\/10\/films-Francoise-Romand.png 1604w\" sizes=\"auto, (max-width: 709px) 85vw, (max-width: 909px) 67vw, (max-width: 1362px) 62vw, 840px\" \/><figcaption>Films de Fran\u00e7oise Romand<\/figcaption><\/figure>\n\n\n\n<p class=\"has-text-align-center\">Site Internet&nbsp;:&nbsp;<a href=\"http:\/\/romand.org\/\">Romand.org<\/a><\/p>\n\n\n\n<p class=\"has-text-align-center\">Contact presse&nbsp;:<\/p>\n\n\n\n<p class=\"has-text-align-center\">Laetitia Vichy<\/p>\n\n\n\n<p class=\"has-text-align-center\"><a href=\"mailto:presse@romand.org\">presse@romand.org<\/a><\/p>\n","protected":false},"excerpt":{"rendered":"<p>The Institute of Contemporary Arts de Londres&nbsp;et le collectif&nbsp;La Clef Revival&nbsp;accueillent la cin\u00e9aste&nbsp;Fran\u00e7oise Romand&nbsp;pour la projection d\u2019Appelez-moi Madame&nbsp;lors de l\u2019\u00e9v\u00e8nement&nbsp;(G)Round Up ! (G)Round Up&nbsp;! Une exp\u00e9rience unique&nbsp;du 28 au 30 octobre 2022 \u00e0&nbsp;Londres Projections de films, symposiums, cin\u00e9-repas et autres moments de partage seront propos\u00e9s par le prestigieux&nbsp;ICA de Londres&nbsp;pour soutenir le cin\u00e9ma militant.&nbsp; Il &hellip; <a href=\"https:\/\/francoiseromand.com\/index.php\/2022\/10\/28\/communique-de-presse-ground-up-2022\/\" class=\"more-link\">Continuer la lecture<span class=\"screen-reader-text\"> de &laquo;&nbsp;Communiqu\u00e9 de presse (G)round Up ! 2022&nbsp;&raquo;<\/span><\/a><\/p>\n","protected":false},"author":3,"featured_media":0,"comment_status":"open","ping_status":"open","sticky":false,"template":"","format":"standard","meta":{"footnotes":""},"categories":[7,5],"tags":[],"class_list":["post-590","post","type-post","status-publish","format-standard","hentry","category-cp","category-presse"],"_links":{"self":[{"href":"https:\/\/francoiseromand.com\/index.php\/wp-json\/wp\/v2\/posts\/590","targetHints":{"allow":["GET"]}}],"collection":[{"href":"https:\/\/francoiseromand.com\/index.php\/wp-json\/wp\/v2\/posts"}],"about":[{"href":"https:\/\/francoiseromand.com\/index.php\/wp-json\/wp\/v2\/types\/post"}],"author":[{"embeddable":true,"href":"https:\/\/francoiseromand.com\/index.php\/wp-json\/wp\/v2\/users\/3"}],"replies":[{"embeddable":true,"href":"https:\/\/francoiseromand.com\/index.php\/wp-json\/wp\/v2\/comments?post=590"}],"version-history":[{"count":0,"href":"https:\/\/francoiseromand.com\/index.php\/wp-json\/wp\/v2\/posts\/590\/revisions"}],"wp:attachment":[{"href":"https:\/\/francoiseromand.com\/index.php\/wp-json\/wp\/v2\/media?parent=590"}],"wp:term":[{"taxonomy":"category","embeddable":true,"href":"https:\/\/francoiseromand.com\/index.php\/wp-json\/wp\/v2\/categories?post=590"},{"taxonomy":"post_tag","embeddable":true,"href":"https:\/\/francoiseromand.com\/index.php\/wp-json\/wp\/v2\/tags?post=590"}],"curies":[{"name":"wp","href":"https:\/\/api.w.org\/{rel}","templated":true}]}}