{"id":390,"date":"2022-10-07T16:40:33","date_gmt":"2022-10-07T14:40:33","guid":{"rendered":"https:\/\/romand.org\/?p=390"},"modified":"2022-10-07T16:40:33","modified_gmt":"2022-10-07T14:40:33","slug":"france-culture-2011","status":"publish","type":"post","link":"https:\/\/francoiseromand.com\/index.php\/2022\/10\/07\/france-culture-2011\/","title":{"rendered":"Radio &#8211; France Culture, Sur les docks (2011)"},"content":{"rendered":"\n<p>Fran\u00e7oise Romand a particip\u00e9 \u00e0 l&rsquo;\u00e9mission <strong>Sur les docks<\/strong> de France Culture (<a rel=\"noreferrer noopener\" href=\"https:\/\/www.radiofrance.fr\/franceculture\/podcasts\/sur-les-docks\" target=\"_blank\">Page de l&rsquo;\u00e9mission<\/a>). Depuis 2006 cette \u00e9mission d\u00e9vore le monde \u00e0 sa mani\u00e8re, documentaire, et fait entendre notre \u00e9poque. En 2015, Sur les Docks repense son univers , avec la m\u00eame \u00e9quipe, en cr\u00e9ant quatre grandes collections documentaires se d\u00e9clinant du lundi au jeudi. Fran\u00e7oise a particip\u00e9 \u00e0 l&rsquo;\u00e9mission diffus\u00e9e le mercredi 14 septembre 2011. Cette \u00e9pisode \u00e9tait le troisi\u00e8me d&rsquo;une s\u00e9rie intitul\u00e9e <strong>Entre adolescence et cin\u00e9ma (3\/4) : <em>\u00ab <\/em>Fran\u00e7oise Romand, cin\u00e9aste<\/strong><em> \u00bb<\/em>. <\/p>\n\n\n\n<!--more-->\n\n\n\n<figure class=\"wp-block-embed is-type-video is-provider-youtube wp-block-embed-youtube wp-embed-aspect-16-9 wp-has-aspect-ratio\"><div class=\"wp-block-embed__wrapper\">\n<iframe loading=\"lazy\" title=\"Fran\u00e7oise Romand par Fr\u00e9d\u00e9ric Aron pour France Culture\" width=\"840\" height=\"473\" src=\"https:\/\/www.youtube.com\/embed\/K2-doi62LUM?feature=oembed\" frameborder=\"0\" allow=\"accelerometer; autoplay; clipboard-write; encrypted-media; gyroscope; picture-in-picture; web-share\" allowfullscreen><\/iframe>\n<\/div><\/figure>\n\n\n\n<p class=\"has-text-align-center\"><em>Cr\u00e9dits photos : Matthieu Constance<\/em><\/p>\n\n\n\n<p>Voil\u00e0 la description de l&rsquo;\u00e9mission fa\u00eete sur le site de France Culture :<\/p>\n\n\n\n<p><em><strong>\u00ab Fran\u00e7oise Romand<\/strong>\u00a0tourne \u00ab Mix-Up \u00bb, son premier film, en 1985. A partir d&rsquo;une histoire de b\u00e9b\u00e9s \u00e9chang\u00e9s \u00e0 la naissance, la cin\u00e9aste signe une \u0153uvre d&rsquo;une libert\u00e9 et d&rsquo;une richesse \u00e9tonnantes. D&#8217;embl\u00e9e, elle affirme la singularit\u00e9 de son style documentaire : une mise en sc\u00e8ne pleine de fantaisie qui flirte avec la fiction.Paradoxalement, Fran\u00e7oise Romand est plus connue aux Etats-Unis qu&rsquo;en France. Ainsi, \u00ab Mix-Up \u00bb a \u00e9t\u00e9 diffus\u00e9 un apr\u00e8s-midi sur France 2 dans le cadre d&rsquo;une \u00e9mission d\u00e9di\u00e9e aux femmes, avant de faire un an plus tard l&rsquo;ouverture du Festival New Directors New Films au mus\u00e9e d&rsquo;Art Moderne de New York\u2026 La r\u00e9alisatrice a v\u00e9cu un r\u00eave am\u00e9ricain, mais c&rsquo;est en France qu&rsquo;elle a tourn\u00e9 ses films, principalement pour la t\u00e9l\u00e9vision \u2013 dont on mesure du m\u00eame coup l&rsquo;\u00e9volution. Des documentaires, portraits de personnalit\u00e9s hors normes qui d\u00e9jouent les clich\u00e9s, comme Ovida Delect, la po\u00e9tesse transsexuelle d&rsquo;\u00ab Appelez-moi Madame \u00bb ; des fictions d\u00e9cal\u00e9es, comme \u00ab Pass\u00e9 compos\u00e9 \u00bb (d&rsquo;apr\u00e8s Fr\u00e9d\u00e9ric Dard), o\u00f9 une myst\u00e9rieuse amn\u00e9sique entra\u00eene F\u00e9odor Atkine dans la qu\u00eate de son identit\u00e9. L&rsquo;identit\u00e9 est assur\u00e9ment le fil conducteur de sa filmographie. Mais, si Fran\u00e7oise Romand a toujours gard\u00e9 le cap, ne transigeant pas sur ses convictions, cette cin\u00e9aste touche-\u00e0-tout n&rsquo;est jamais l\u00e0 o\u00f9 on l&rsquo;attend. Installation (Cin\u00e9-Romand), Web-documentaire avant l&rsquo;heure (IKitchenEye) et, aujourd&rsquo;hui, un essai d&rsquo;auto-fiction avec une petite cam\u00e9ra num\u00e9rique (\u00ab Th\u00e8me Je \u00bb)\u2026 Dans ce dernier film, elle retourne la cam\u00e9ra vers elle, avec le m\u00eame go\u00fbt pour le jeu et la mise en sc\u00e8ne du r\u00e9el. Pour \u00ab Sur les docks \u00bb, nous lui avons tendu notre micro, avec l&rsquo;envie de vous faire d\u00e9couvrir cette r\u00e9alisatrice et sa d\u00e9marche atypique. Avec :\u00a0<strong>Jean-Jacques Birg\u00e9<\/strong>\u00a0, compositeur de musique. Il a sign\u00e9 la bande-son des derniers films de Fran\u00e7oise Romand, dont \u00ab Th\u00e8me Je \u00bb (2011, \u00e9ditions Alibi, distribution Lowave).\u00a0<strong>No\u00ebl Burch<\/strong>\u00a0, th\u00e9oricien du cin\u00e9ma, r\u00e9alisateur. Ses cours \u00e0 l&rsquo;Idhec et son livre Une praxis du cin\u00e9ma (1986, Gallimard) ont fortement influenc\u00e9 la r\u00e9alisatrice d\u00e9butante.\u00a0<strong>Sylvie Najosky<\/strong>\u00a0, l&rsquo;une des organisatrices du Festival Face \u00e0 Face du film gay et lesbien de Saint-Etienne Production:\u00a0<strong>Fr\u00e9d\u00e9ric Aron<\/strong>. \u00bb<\/em><\/p>\n","protected":false},"excerpt":{"rendered":"<p>Fran\u00e7oise Romand a particip\u00e9 \u00e0 l&rsquo;\u00e9mission Sur les docks de France Culture (Page de l&rsquo;\u00e9mission). Depuis 2006 cette \u00e9mission d\u00e9vore le monde \u00e0 sa mani\u00e8re, documentaire, et fait entendre notre \u00e9poque. En 2015, Sur les Docks repense son univers , avec la m\u00eame \u00e9quipe, en cr\u00e9ant quatre grandes collections documentaires se d\u00e9clinant du lundi au &hellip; <a href=\"https:\/\/francoiseromand.com\/index.php\/2022\/10\/07\/france-culture-2011\/\" class=\"more-link\">Continuer la lecture<span class=\"screen-reader-text\"> de &laquo;&nbsp;Radio &#8211; France Culture, Sur les docks (2011)&nbsp;&raquo;<\/span><\/a><\/p>\n","protected":false},"author":3,"featured_media":495,"comment_status":"open","ping_status":"open","sticky":false,"template":"","format":"standard","meta":{"footnotes":""},"categories":[3],"tags":[],"class_list":["post-390","post","type-post","status-publish","format-standard","has-post-thumbnail","hentry","category-bonus"],"_links":{"self":[{"href":"https:\/\/francoiseromand.com\/index.php\/wp-json\/wp\/v2\/posts\/390","targetHints":{"allow":["GET"]}}],"collection":[{"href":"https:\/\/francoiseromand.com\/index.php\/wp-json\/wp\/v2\/posts"}],"about":[{"href":"https:\/\/francoiseromand.com\/index.php\/wp-json\/wp\/v2\/types\/post"}],"author":[{"embeddable":true,"href":"https:\/\/francoiseromand.com\/index.php\/wp-json\/wp\/v2\/users\/3"}],"replies":[{"embeddable":true,"href":"https:\/\/francoiseromand.com\/index.php\/wp-json\/wp\/v2\/comments?post=390"}],"version-history":[{"count":0,"href":"https:\/\/francoiseromand.com\/index.php\/wp-json\/wp\/v2\/posts\/390\/revisions"}],"wp:featuredmedia":[{"embeddable":true,"href":"https:\/\/francoiseromand.com\/index.php\/wp-json\/wp\/v2\/media\/495"}],"wp:attachment":[{"href":"https:\/\/francoiseromand.com\/index.php\/wp-json\/wp\/v2\/media?parent=390"}],"wp:term":[{"taxonomy":"category","embeddable":true,"href":"https:\/\/francoiseromand.com\/index.php\/wp-json\/wp\/v2\/categories?post=390"},{"taxonomy":"post_tag","embeddable":true,"href":"https:\/\/francoiseromand.com\/index.php\/wp-json\/wp\/v2\/tags?post=390"}],"curies":[{"name":"wp","href":"https:\/\/api.w.org\/{rel}","templated":true}]}}