{"id":345,"date":"2022-09-14T14:13:00","date_gmt":"2022-09-14T12:13:00","guid":{"rendered":"http:\/\/romand.com-ethique.fr\/?p=107"},"modified":"2022-09-14T14:13:00","modified_gmt":"2022-09-14T12:13:00","slug":"rp-appelez-moi-madame-1986","status":"publish","type":"post","link":"https:\/\/francoiseromand.com\/index.php\/2022\/09\/14\/rp-appelez-moi-madame-1986\/","title":{"rendered":"Revue de presse &#8211; Appelez-moi Madame (1986)"},"content":{"rendered":"\n<figure class=\"wp-block-embed is-type-video is-provider-youtube wp-block-embed-youtube wp-embed-aspect-16-9 wp-has-aspect-ratio\"><div class=\"wp-block-embed__wrapper\">\n<iframe loading=\"lazy\" title=\"Entretien avec Fran\u00e7oise Romand : &#039;&#039;Appelez-moi Madame&#039;&#039; (1986)\" width=\"840\" height=\"473\" src=\"https:\/\/www.youtube.com\/embed\/2LzJcmGc8S0?feature=oembed\" frameborder=\"0\" allow=\"accelerometer; autoplay; clipboard-write; encrypted-media; gyroscope; picture-in-picture; web-share\" allowfullscreen><\/iframe>\n<\/div><figcaption class=\"wp-element-caption\">Interview des \u00e9tudiants cin\u00e9ma de Corte pour le Festival Corsica Doc<\/figcaption><\/figure>\n\n\n\n<p><a href=\"https:\/\/news.eseuro.com\/noticias\/1141707.html\" data-type=\"URL\" data-id=\"https:\/\/news.eseuro.com\/noticias\/1141707.html\" target=\"_blank\" rel=\"noreferrer noopener\">News.ESEuro<\/a> 8 novembre 2022<\/p>\n\n\n\n<hr class=\"wp-block-separator has-alpha-channel-opacity\"\/>\n\n\n\n<p><a rel=\"noreferrer noopener\" href=\"https:\/\/www.frequence-sud.fr\/art-86987-17e_rencontres_films_femmes_mediterranee_marseille\" data-type=\"URL\" data-id=\"https:\/\/www.frequence-sud.fr\/art-86987-17e_rencontres_films_femmes_mediterranee_marseille\" target=\"_blank\">Fr\u00e9quence-sud.fr<\/a> 8 novembre 2022 par Marion Miguel Paredes<\/p>\n\n\n\n<hr class=\"wp-block-separator has-alpha-channel-opacity\"\/>\n\n\n\n<p><a rel=\"noreferrer noopener\" href=\"https:\/\/www.lamarseillaise.fr\/culture\/des-films-de-femmes-pour-faire-tomber-les-frontieres-MP12482428\" data-type=\"URL\" data-id=\"https:\/\/www.lamarseillaise.fr\/culture\/des-films-de-femmes-pour-faire-tomber-les-frontieres-MP12482428\" target=\"_blank\">La Marseillaise <\/a>3 novembre 2022 par Catherine Walgenwitz<\/p>\n\n\n\n<figure class=\"wp-block-image size-large\"><img decoding=\"async\" src=\"https:\/\/romand.org\/wp-content\/uploads\/2022\/11\/IMG_1182-1024x917.jpg\" alt=\"\" class=\"wp-image-605\"\/><\/figure>\n\n\n\n<hr class=\"wp-block-separator has-alpha-channel-opacity\"\/>\n\n\n\n<p><a href=\"https:\/\/blogs.mediapart.fr\/jean-pierre-thibaudat\/blog\/071016\/francoise-romand-cineaste-des-etres-recomposes\">M\u00e9diapart &#8211; Jean-Pierre Thibaudat &#8211; Francoise Romand, cin\u00e9aste des \u00eatres recompos\u00e9s<\/a><\/p>\n\n\n\n<p><em>\u00ab\u00a0On est loin, tr\u00e8s loin des clich\u00e9s accol\u00e9s au mot \u00ab transsexuel \u00bb. Loin des villes, loin des paillettes, loin de Ta\u00efwan. Nous sommes dans un village normand, non loin de Caen. Jean-Pierre a \u00e9t\u00e9 un jeune r\u00e9sistant, arr\u00eat\u00e9 \u00e0 17 ans, il part en d\u00e9portation, quand il revient il ne p\u00e8se plus que 27 kilos. Il milite au parti communiste, \u00e9crit des po\u00e8mes depuis toujours. Paul Eluard en a lu un lors d\u2019un meeting&nbsp; dans la salle de Mutualit\u00e9 lorsque Jean-Pierre \u00e9tait \u00e9tudiant \u00e0 Paris.<\/em><\/p>\n\n\n\n<p><em>Jean-Pierre se marie donc avec Huguette, ils ont un fils, Jean-No\u00ebl. Ce n\u2019est que tardivement qu\u2019il r\u00e9veille et affirme la femme qui sommeillait en lui. Huguette, par amour, l\u2019accompagne dans ce voyage dont elle et leur fils avaient per\u00e7u des premiers signes : discr\u00e8tement, Jean-Pierre s\u2019habillait en femme et s\u2019en allait par les rues du village. Jean-Pierre devient Ovida, c\u2019est aussi son nom de po\u00e8te.\u00a0\u00bb<\/em><\/p>\n\n\n\n<hr class=\"wp-block-separator has-alpha-channel-opacity\"\/>\n\n\n\n<p><a href=\"http:\/\/television.telerama.fr\/television\/les-rencontres-de-montreuil-documentent-le-genre%2C147884.php\">T\u00e9l\u00e9rama &#8211; Fran\u00e7ois Ekchajzer &#8211; Les Rencontres de Montreuil documentent le genre<\/a><\/p>\n\n\n\n<p><em>\u00ab\u00a0Si certains choix de r\u00e9alisation comme la texture de l&rsquo;image accusent l&rsquo;\u00e2ge avanc\u00e9 d&rsquo;Appelez-moi Madame, la libert\u00e9 de style et de ton dont y fait preuve Fran\u00e7oise Romand comme la d\u00e9contraction avec laquelle Ovida Delect assume et revendique ce qu&rsquo;elle est jusque dans ses extravagances donnent \u00e0 ce film m\u00e9connu une modernit\u00e9 rafra\u00eechissante. L&rsquo;\u0153uvre fac\u00e9tieuse et touchante d&rsquo;une r\u00e9alisatrice&#8230; Un film qui interroge par ricochet le caract\u00e8re corset\u00e9 ou impersonnel de la plupart de \u00ab nos \u00bb documentaires dits \u00ab de soci\u00e9t\u00e9 \u00bb.\u00a0\u00bb<\/em><\/p>\n\n\n\n<hr class=\"wp-block-separator has-alpha-channel-opacity\"\/>\n\n\n\n<p><a href=\"http:\/\/www.chronicart.com\/cinema\/appelez-moi-madame-mix-up\/\">Chronicart &#8211; Jean-Philippe TESSE<\/a><\/p>\n\n\n\n<p><em>\u00ab\u00a0&#8230;Mise en sc\u00e8ne comme mise en situations loufoques et toujours bien senties, qui racontent quelque chose des personnages \u00e0 la mani\u00e8re d&rsquo;un psychodrame ; mise en sc\u00e8ne au sens plus classique d&rsquo;une attention toujours tenue pour le cadre et le montage, qui lui fait chercher des angles, des amorces, des broderies formelles qui cassent l&rsquo;\u00e9vidence et portent les personnages au-del\u00e0 de leur histoire, vers une m\u00e9lancolie parfois, un horizon de grandeur toujours. Epatant.\u00a0\u00bb<\/em><\/p>\n\n\n\n<p><a href=\"http:\/\/www.romand.org\/old\/press\/AlternativeLibertaire.jpg\">Alternative libertaire &#8211; ADELINE<\/a><\/p>\n\n\n\n<p><a href=\"http:\/\/www.romand.org\/old\/press\/RosenbaumCM.jpg\">Chicago Reader &#8211; Jonathan ROSENBAUM<\/a><\/p>\n\n\n\n<p><a href=\"http:\/\/www.fichesducinema.com\/spip\/spip.php?article1020&amp;var_recherche=FREDERIC%20ARON\">Les fiches du cin\u00e9ma &#8211; Fr\u00e9d\u00e9ric ARON<\/a><\/p>\n\n\n\n<p><em>&#8230; \u00ab\u00a0Fran\u00e7oise Romand filme le r\u00e9el avec une l\u00e9g\u00e8ret\u00e9 et une fantaisie in\u00e9dites dans la production actuelle. Ses effets \u00e0 la M\u00e9li\u00e8s invoquent un cin\u00e9ma des origines, primitif et troublant. Sa signature : des sc\u00e8nes d\u00e9coup\u00e9es en plans fixes, un peu bancales, o\u00f9 la fiction s\u2019engouffre dans la banalit\u00e9 du quotidien. Ovida et Huguette ouvrent le film en poussant la chansonnette, rejouent la pause d\u2019une photo du pass\u00e9, s\u2019improvisent animatrices dans un studio de radio&#8230; Tout est fabriqu\u00e9&#8230;\u00a0\u00bb<\/em><em><\/em><\/p>\n\n\n\n<p><a href=\"http:\/\/www.vice.com\/fr\/read\/appelez-moi-madame-francoise-romand-485\">VICE &#8211; Fr\u00e9d\u00e9ric GENDARME<\/a><\/p>\n\n\n\n<p><a href=\"http:\/\/www.romand.org\/old\/press\/charlie.jpg\">Charlie Hebdo &#8211; St\u00e9phane BOU<\/a><\/p>\n\n\n\n<p><em>&#8230; \u00ab\u00a0Croyez-moi : le dernier plan du film, dans lequel Jean-Pierre-Ovida, en robe de mari\u00e9e, et sa femme, Huguette, se tiennent par les \u00e9paules en nous regardant droit dans les yeux, est une des images les plus tendrement grotesques et \u00e9mouvantes qu&rsquo;il vous sera jamais donn\u00e9 de voir, comme au croisement du monde de Fellini et de celui de Gombrowicz.\u00a0\u00bb<\/em><em><\/em><\/p>\n\n\n\n<p><a href=\"http:\/\/www.culturopoing.com\/cinema\/francoise-romand-appelez-moi-madame\/20081121\">Culturopoing<\/a><\/p>\n\n\n\n<p><a href=\"http:\/\/www.nytimes.com\/1988\/03\/12\/movies\/review-film-call-me-madame-a-documentary-on-effects-of-a-sex-change-at-age-55.html\">New York Times &#8211; Vincent CANBY<\/a><\/p>\n","protected":false},"excerpt":{"rendered":"<p>News.ESEuro 8 novembre 2022 Fr\u00e9quence-sud.fr 8 novembre 2022 par Marion Miguel Paredes La Marseillaise 3 novembre 2022 par Catherine Walgenwitz M\u00e9diapart &#8211; Jean-Pierre Thibaudat &#8211; Francoise Romand, cin\u00e9aste des \u00eatres recompos\u00e9s \u00ab\u00a0On est loin, tr\u00e8s loin des clich\u00e9s accol\u00e9s au mot \u00ab transsexuel \u00bb. Loin des villes, loin des paillettes, loin de Ta\u00efwan. Nous sommes &hellip; <a href=\"https:\/\/francoiseromand.com\/index.php\/2022\/09\/14\/rp-appelez-moi-madame-1986\/\" class=\"more-link\">Continuer la lecture<span class=\"screen-reader-text\"> de &laquo;&nbsp;Revue de presse &#8211; Appelez-moi Madame (1986)&nbsp;&raquo;<\/span><\/a><\/p>\n","protected":false},"author":3,"featured_media":508,"comment_status":"closed","ping_status":"closed","sticky":false,"template":"","format":"standard","meta":{"footnotes":""},"categories":[5,6],"tags":[8],"class_list":["post-345","post","type-post","status-publish","format-standard","has-post-thumbnail","hentry","category-presse","category-revue-de-presse","tag-appelez-moi-madame"],"_links":{"self":[{"href":"https:\/\/francoiseromand.com\/index.php\/wp-json\/wp\/v2\/posts\/345","targetHints":{"allow":["GET"]}}],"collection":[{"href":"https:\/\/francoiseromand.com\/index.php\/wp-json\/wp\/v2\/posts"}],"about":[{"href":"https:\/\/francoiseromand.com\/index.php\/wp-json\/wp\/v2\/types\/post"}],"author":[{"embeddable":true,"href":"https:\/\/francoiseromand.com\/index.php\/wp-json\/wp\/v2\/users\/3"}],"replies":[{"embeddable":true,"href":"https:\/\/francoiseromand.com\/index.php\/wp-json\/wp\/v2\/comments?post=345"}],"version-history":[{"count":0,"href":"https:\/\/francoiseromand.com\/index.php\/wp-json\/wp\/v2\/posts\/345\/revisions"}],"wp:featuredmedia":[{"embeddable":true,"href":"https:\/\/francoiseromand.com\/index.php\/wp-json\/wp\/v2\/media\/508"}],"wp:attachment":[{"href":"https:\/\/francoiseromand.com\/index.php\/wp-json\/wp\/v2\/media?parent=345"}],"wp:term":[{"taxonomy":"category","embeddable":true,"href":"https:\/\/francoiseromand.com\/index.php\/wp-json\/wp\/v2\/categories?post=345"},{"taxonomy":"post_tag","embeddable":true,"href":"https:\/\/francoiseromand.com\/index.php\/wp-json\/wp\/v2\/tags?post=345"}],"curies":[{"name":"wp","href":"https:\/\/api.w.org\/{rel}","templated":true}]}}