{"id":266,"date":"2022-10-04T11:04:31","date_gmt":"2022-10-04T09:04:31","guid":{"rendered":"http:\/\/romand.com-ethique.fr\/?p=266"},"modified":"2024-12-17T21:26:53","modified_gmt":"2024-12-17T20:26:53","slug":"actus-recentes","status":"publish","type":"post","link":"https:\/\/francoiseromand.com\/index.php\/2022\/10\/04\/actus-recentes\/","title":{"rendered":"Actus r\u00e9centes"},"content":{"rendered":"\n<h2 class=\"wp-block-heading\">2024<\/h2>\n\n\n\n<ul class=\"wp-block-list\">\n<li>Les Rendez-vous de DSGE au cin\u00e9ma L&rsquo;Archipel \ud83c\udfa5<\/li>\n<\/ul>\n\n\n\n<p>Le jeudi 19 d\u00e9cembre \u00e0 20h, ne manquez pas la projection exceptionnelle de\u00a0<em>Mix-Up ou M\u00e9li-M\u00e9lo<\/em>\u00a0de Fran\u00e7oise Romand au cin\u00e9ma L&rsquo;Archipel, \u00e0 Paris. Cette s\u00e9ance sera suivie d\u2019un d\u00e9bat enrichissant en pr\u00e9sence de Fran\u00e7oise Romand, r\u00e9alisatrice du film, Maguy Alziari Siegel, monteuse, Nicolas Frize, compositeur, et Emma Duquet, chercheuse et m\u00e9diatrice. Une soir\u00e9e unique pour (re)d\u00e9couvrir ce film incontournable et \u00e9changer avec des artistes passionn\u00e9s autour de cette \u0153uvre singuli\u00e8re.<\/p>\n\n\n\n<figure class=\"wp-block-image size-large\"><img loading=\"lazy\" decoding=\"async\" width=\"1024\" height=\"771\" src=\"https:\/\/francoiseromand.com\/wp-content\/uploads\/2022\/10\/Capture-decran-2024-12-17-a-21.24.32-1024x771.png\" alt=\"\" class=\"wp-image-726\" srcset=\"https:\/\/francoiseromand.com\/wp-content\/uploads\/2022\/10\/Capture-decran-2024-12-17-a-21.24.32-1024x771.png 1024w, https:\/\/francoiseromand.com\/wp-content\/uploads\/2022\/10\/Capture-decran-2024-12-17-a-21.24.32-300x226.png 300w, https:\/\/francoiseromand.com\/wp-content\/uploads\/2022\/10\/Capture-decran-2024-12-17-a-21.24.32-768x578.png 768w, https:\/\/francoiseromand.com\/wp-content\/uploads\/2022\/10\/Capture-decran-2024-12-17-a-21.24.32.png 1080w\" sizes=\"auto, (max-width: 709px) 85vw, (max-width: 909px) 67vw, (max-width: 1362px) 62vw, 840px\" \/><\/figure>\n\n\n\n<ul class=\"wp-block-list\">\n<li>Fran\u00e7oise Romand, est pr\u00e9sidente du jury pour la premi\u00e8re \u00e9dition du <strong>Festival Ambert Cin\u00e9Arts<\/strong> qui se d\u00e9roulera du <strong>8 au 11 novembre 2024<\/strong> ! \ud83c\udfac<\/li>\n<\/ul>\n\n\n\n<p>Ce festival unique, organis\u00e9 par le Cin\u00e9-Club d\u2019Ambert, met en lumi\u00e8re des documentaires captivants autour de l\u2019art et de l\u2019expression artistique. Sur quatre jours, les cin\u00e9philes pourront d\u00e9couvrir une s\u00e9lection de 16 films en comp\u00e9tition, tous d\u00e9di\u00e9s aux diff\u00e9rentes formes d\u2019art, de la danse \u00e0 la peinture, en passant par le th\u00e9\u00e2tre et la musique.<\/p>\n\n\n\n<h2 class=\"wp-block-heading\">2023<\/h2>\n\n\n\n<ul class=\"wp-block-list\">\n<li><strong>Fran\u00e7oise Romand aux Rencontres du cin\u00e9ma documentaire, 28\u00e8me \u00e9dition&nbsp;<em>Du rire aux larmes<\/em><\/strong>. <strong>Table ronde<\/strong>&nbsp;\u00e0 propos du storytelling, <strong>le&nbsp;mercredi 29 novembre 2023 \u00e0 10h00 au M\u00e9li\u00e8s<\/strong>&nbsp;avec&nbsp;<strong>Micha\u00ebl Zumstein<\/strong>, photographe et r\u00e9alisateur de \u201cIl faut sauver Albert\u201d mod\u00e9r\u00e9e par&nbsp;<strong>Tania Rakhmanova<\/strong>, r\u00e9alisatrice de \u201cSergue\u00ef Chtchoukine, le roman&nbsp;d&rsquo;un collectionneur\u201d.                                   Projection de&nbsp;<strong><a href=\"https:\/\/youtu.be\/n3e9SwricXc?si=k3ly84TnmysqJKsC\" data-type=\"link\" data-id=\"https:\/\/youtu.be\/n3e9SwricXc?si=k3ly84TnmysqJKsC\">\u00ab\u00a0Appelez-moi Madame\u00a0\u00bb<\/a> (1986)<\/strong> <strong>le&nbsp;mardi 5 d\u00e9cembre \u00e0 18h30<\/strong>.<\/li>\n<\/ul>\n\n\n\n<ul class=\"wp-block-list\">\n<li><a rel=\"noreferrer noopener\" href=\"https:\/\/www.tourisme93.com\/document.php?pagendx=815&amp;engine_zoom=FMAIDFC930028361\" target=\"_blank\"><strong>Les 23\u00e8mes Journ\u00e9es cin\u00e9matographiques<\/strong><\/a><a rel=\"noreferrer noopener\" href=\"https:\/\/www.tourisme93.com\/document.php?pagendx=815&amp;engine_zoom=FMAIDFC930028361\" target=\"_blank\"> <\/a>le samedi 4 f\u00e9vrier \u00e0 18h, au cin\u00e9ma L&rsquo;\u00e9cran de St Denis, projection de <a rel=\"noreferrer noopener\" href=\"https:\/\/www.youtube.com\/watch?v=U9heS5MrRPU\" target=\"_blank\">Appelez-moi Madame<\/a> et des courts-m\u00e9trages <em>Ma vie de Merde<\/em> et <a rel=\"noreferrer noopener\" href=\"https:\/\/www.youtube.com\/watch?v=rJNjfTazCpg&amp;list=PLS7Fsj7Z4ydNGcApLsaNliHedPMfNF1qA\" target=\"_blank\">D\u00e9rapage control\u00e9<\/a> <\/li>\n<\/ul>\n\n\n<div class=\"wp-block-image\">\n<figure class=\"aligncenter size-large\"><img loading=\"lazy\" decoding=\"async\" width=\"771\" height=\"1024\" src=\"https:\/\/francoiseromand.com\/wp-content\/uploads\/2023\/01\/Capture-decran-2023-01-05-a-16.01.15-771x1024.jpg\" alt=\"\" class=\"wp-image-627\" srcset=\"https:\/\/francoiseromand.com\/wp-content\/uploads\/2023\/01\/Capture-decran-2023-01-05-a-16.01.15-771x1024.jpg 771w, https:\/\/francoiseromand.com\/wp-content\/uploads\/2023\/01\/Capture-decran-2023-01-05-a-16.01.15-226x300.jpg 226w, https:\/\/francoiseromand.com\/wp-content\/uploads\/2023\/01\/Capture-decran-2023-01-05-a-16.01.15-768x1020.jpg 768w, https:\/\/francoiseromand.com\/wp-content\/uploads\/2023\/01\/Capture-decran-2023-01-05-a-16.01.15.jpg 792w\" sizes=\"auto, (max-width: 709px) 85vw, (max-width: 909px) 67vw, (max-width: 984px) 61vw, (max-width: 1362px) 45vw, 600px\" \/><figcaption class=\"wp-element-caption\">Affiche 23\u00e8mes journ\u00e9es cin\u00e9matographiques<\/figcaption><\/figure>\n<\/div>\n\n\n<h2 class=\"wp-block-heading\">2022<\/h2>\n\n\n\n<ul class=\"wp-block-list\">\n<li><a href=\"https:\/\/www.films-femmes-med.org\/\u00e9dition-2022\" data-type=\"URL\" data-id=\"https:\/\/www.films-femmes-med.org\/\u00e9dition-2022\">Films Femmes M\u00e9diterran\u00e9e<\/a> met \u00e0 l&rsquo;honneur 6 films de Fran\u00e7oise Romand dont 3 longs m\u00e9trages lors de sa 17\u00e8me \u00e9dition du 26 novembre au 1er d\u00e9cembre 2022 : <strong><a href=\"https:\/\/youtu.be\/R6__yXyzJEg\">Mix-Up ou M\u00e9li M\u00e9lo<\/a><\/strong> le mardi 29 novembre \u00e0 18h au Vid\u00e9odrome 2, suivi d&rsquo;<strong><a rel=\"noreferrer noopener\" href=\"http:\/\/youtu.be\/U9heS5MrRPU\" target=\"_blank\">Appelez-moi Madame<\/a><\/strong> \u00e0 20h30. <strong><a href=\"https:\/\/youtu.be\/79_DpmblYjM\" data-type=\"URL\" data-id=\"https:\/\/youtu.be\/79_DpmblYjM\">Th\u00e8me Je<\/a><\/strong> sera projet\u00e9 le mercredi 30 novembre au cin\u00e9ma La Baleine. <\/li>\n\n\n\n<li><strong>The Institute of Contemporary Arts de Londres&nbsp;<\/strong>et le collectif&nbsp;<strong>La Clef Revival<\/strong>&nbsp;accueillent la cin\u00e9aste&nbsp;<strong>Fran\u00e7oise Romand<\/strong>&nbsp;pour la projection d\u2019<strong><a rel=\"noreferrer noopener\" href=\"http:\/\/youtu.be\/U9heS5MrRPU\" target=\"_blank\">Appelez-moi Madame<\/a><\/strong>&nbsp;lors de l\u2019\u00e9v\u00e8nement&nbsp;<strong><a rel=\"noreferrer noopener\" href=\"https:\/\/ica.art\/la-clef-revival\" data-type=\"URL\" data-id=\"https:\/\/ica.art\/la-clef-revival\" target=\"_blank\">(G)Round Up !<\/a><\/strong> du 28 au 30 octobre 2022. <\/li>\n\n\n\n<li><a rel=\"noreferrer noopener\" href=\"https:\/\/youtu.be\/U9heS5MrRPU\" target=\"_blank\">Appelez-moi Madame<\/a> sera projet\u00e9 lors de la&nbsp;16<sup>\u00e8me<\/sup>&nbsp;\u00e9dition&nbsp;du&nbsp;<a href=\"https:\/\/www.corsicadoc.fr\">Festival Corsica Doc<\/a>&nbsp;intitul\u00e9 cette ann\u00e9e&nbsp;F\u00e9minins\/Masculins\u2026 Fictions\/Documentaires&nbsp;\u00e0&nbsp;Marignana&nbsp;le <strong>mardi 11 octobre 2022<\/strong> \u00e0 18h00&nbsp;et&nbsp;le&nbsp;<strong>dimanche&nbsp;16 octobre 2022<\/strong> \u00e0&nbsp;14h&nbsp;au cin\u00e9ma Laetitia&nbsp;\u00e0&nbsp;Ajaccio.<\/li>\n\n\n\n<li>Membre du jury long-m\u00e9trages au <a href=\"https:\/\/www.cinemadureel.org\/search\/Fran\u00e7oise+Romand\/\">Festival du R\u00e9el 2022<\/a> au Centre Pompidou<\/li>\n\n\n\n<li><strong><a href=\"https:\/\/youtu.be\/U9heS5MrRPU\">Appelez-moi Madame<\/a><\/strong>&nbsp;au FID en partenariat avec la SCAM <strong>samedi 9 juillet 2022<\/strong> \u00e0 16h&nbsp;<\/li>\n\n\n\n<li><strong><a href=\"https:\/\/youtu.be\/R6__yXyzJEg\">Mix-Up ou M\u00e9li M\u00e9lo<\/a><\/strong>&nbsp;au&nbsp;<a href=\"https:\/\/www.nova-cinema.org\/\">Nova<\/a>&nbsp;\u00e0 Bruxelles <strong>fin avril 2022<\/strong><\/li>\n\n\n\n<li><strong><a href=\"https:\/\/youtu.be\/U9heS5MrRPU\">Appelez-moi Madame<\/a><\/strong>&nbsp;au&nbsp;<a href=\"https:\/\/www.fcvq.ca\/programmation\/film\/appelez-moi-madame\">Festival de la ville de Qu\u00e9bec<\/a> le <strong>jeudi 17 septembre<\/strong> \u00e0 21h et on line au camp de concentration Sandbostel en Allemagne o\u00f9 ils ont retrouv\u00e9 l&rsquo;internement du personnage principal, Ovida Delect, Jean-Pierre \u00e0 l\u2019\u00e9poque de la 2\u00e8me guerre mondial le <strong>31 mars 2022<\/strong>.<\/li>\n\n\n\n<li><strong>Mix-Up<\/strong>, class\u00e9 parmi les&nbsp;10 meilleurs films de r\u00e9alisatrices&nbsp;par Jonathan Rosenbaum.<\/li>\n<\/ul>\n\n\n\n<h2 class=\"wp-block-heading\">2020<\/h2>\n\n\n\n<ul class=\"wp-block-list\">\n<li>Fran\u00e7oise Romand re\u00e7oit le&nbsp;<strong><a href=\"http:\/\/www.scam.fr\/detail\/ArticleId\/6555\/Le-palmares-2020-des-Prix-Scam\">Prix SCAM pour l&rsquo;ensemble de son \u0153uvre<\/a><\/strong>, le Prix Charles Brabant 2020.<\/li>\n\n\n\n<li>R\u00e9trospective Fran\u00e7oise Romand&nbsp;aux Festivals de Turin : Mix-Up, Appelez-moi Madame (Divine Queer Film Festival, Laboratori di Barriera), Baiser d&rsquo;encre, Gais Gay Games, Cin\u00e9-Romand et Th\u00e8me Je (Sotto18 Film Festival), \u00e0 l&rsquo;initiative de Silvia Nugara. Tous les films sont traduits en italien par Silvia Nugara et son \u00e9quipe. Projections dans toute la ville du<strong> 3 au 28 mars 2020<\/strong>. Fran\u00e7oise sera pr\u00e9sente du <strong>17 au 24 mars 2020<\/strong>.<\/li>\n<\/ul>\n\n\n\n<p><\/p>\n","protected":false},"excerpt":{"rendered":"<p>2024 Le jeudi 19 d\u00e9cembre \u00e0 20h, ne manquez pas la projection exceptionnelle de\u00a0Mix-Up ou M\u00e9li-M\u00e9lo\u00a0de Fran\u00e7oise Romand au cin\u00e9ma L&rsquo;Archipel, \u00e0 Paris. Cette s\u00e9ance sera suivie d\u2019un d\u00e9bat enrichissant en pr\u00e9sence de Fran\u00e7oise Romand, r\u00e9alisatrice du film, Maguy Alziari Siegel, monteuse, Nicolas Frize, compositeur, et Emma Duquet, chercheuse et m\u00e9diatrice. Une soir\u00e9e unique pour &hellip; <a href=\"https:\/\/francoiseromand.com\/index.php\/2022\/10\/04\/actus-recentes\/\" class=\"more-link\">Continuer la lecture<span class=\"screen-reader-text\"> de &laquo;&nbsp;Actus r\u00e9centes&nbsp;&raquo;<\/span><\/a><\/p>\n","protected":false},"author":3,"featured_media":268,"comment_status":"closed","ping_status":"closed","sticky":false,"template":"","format":"standard","meta":{"footnotes":""},"categories":[2],"tags":[],"class_list":["post-266","post","type-post","status-publish","format-standard","has-post-thumbnail","hentry","category-actualites"],"_links":{"self":[{"href":"https:\/\/francoiseromand.com\/index.php\/wp-json\/wp\/v2\/posts\/266","targetHints":{"allow":["GET"]}}],"collection":[{"href":"https:\/\/francoiseromand.com\/index.php\/wp-json\/wp\/v2\/posts"}],"about":[{"href":"https:\/\/francoiseromand.com\/index.php\/wp-json\/wp\/v2\/types\/post"}],"author":[{"embeddable":true,"href":"https:\/\/francoiseromand.com\/index.php\/wp-json\/wp\/v2\/users\/3"}],"replies":[{"embeddable":true,"href":"https:\/\/francoiseromand.com\/index.php\/wp-json\/wp\/v2\/comments?post=266"}],"version-history":[{"count":1,"href":"https:\/\/francoiseromand.com\/index.php\/wp-json\/wp\/v2\/posts\/266\/revisions"}],"predecessor-version":[{"id":727,"href":"https:\/\/francoiseromand.com\/index.php\/wp-json\/wp\/v2\/posts\/266\/revisions\/727"}],"wp:featuredmedia":[{"embeddable":true,"href":"https:\/\/francoiseromand.com\/index.php\/wp-json\/wp\/v2\/media\/268"}],"wp:attachment":[{"href":"https:\/\/francoiseromand.com\/index.php\/wp-json\/wp\/v2\/media?parent=266"}],"wp:term":[{"taxonomy":"category","embeddable":true,"href":"https:\/\/francoiseromand.com\/index.php\/wp-json\/wp\/v2\/categories?post=266"},{"taxonomy":"post_tag","embeddable":true,"href":"https:\/\/francoiseromand.com\/index.php\/wp-json\/wp\/v2\/tags?post=266"}],"curies":[{"name":"wp","href":"https:\/\/api.w.org\/{rel}","templated":true}]}}